{"id":3388,"date":"2023-03-04T12:00:56","date_gmt":"2023-03-04T11:00:56","guid":{"rendered":"https:\/\/se.cam4.com\/blog\/?p=3388"},"modified":"2023-03-04T12:00:58","modified_gmt":"2023-03-04T11:00:58","slug":"intervju-med-thekarma","status":"publish","type":"post","link":"https:\/\/se.cam4.com\/blog\/intervju-med-thekarma\/","title":{"rendered":"Intervju med nya TheKarma"},"content":{"rendered":"\n<p>H\u00e4r har du TheKarma. En tjej som \u00e4lskar n\u00e4r du tar kontrollen &amp; \u00e4r dominant.<\/p>\n\n\n\n<hr class=\"wp-block-separator is-style-wide\"\/>\n\n\n\n<h3 class=\"has-text-align-center wp-block-heading\"><a href=\"https:\/\/www.cam4.com\/Thekarma\">Bes\u00f6k TheKarma\u00b4s Profil NU!<\/a><\/h3>\n\n\n\n<hr class=\"wp-block-separator is-style-wide\"\/>\n\n\n\n<h3 class=\"wp-block-heading\">Hej, vad har du haft f\u00f6r dig idag?<a href=\"https:\/\/se.cam4.com\/blog\/wp-content\/blogs.dir\/13\/files\/2023\/01\/image5-scaled.jpeg\"><\/a><\/h3>\n\n\n\n<p>Hej! Idag har jag haft fullt upp med m\u00f6ten under dagen, men har sj\u00e4lvklart gjort lite nya porriga videos som jag precis i denna stund h\u00e5ller p\u00e5 att laddar upp h\u00e4r i min Shop! S\u00e5 nu ska man absolut ha koll p\u00e5 den h\u00e4r!<\/p>\n\n\n\n<div class=\"wp-block-image\"><figure class=\"alignleft size-large\"><img decoding=\"async\" width=\"275\" height=\"424\" src=\"https:\/\/se.cam4.com\/blog\/wp-content\/blogs.dir\/13\/files\/2023\/03\/1-3.jpg\" alt=\"intervju med thekarma\" class=\"wp-image-3395\" srcset=\"https:\/\/se.cam4.com\/blog\/wp-content\/blogs.dir\/13\/files\/2023\/03\/1-3.jpg 275w, https:\/\/se.cam4.com\/blog\/wp-content\/blogs.dir\/13\/files\/2023\/03\/1-3-195x300.jpg 195w\" sizes=\"(max-width: 275px) 100vw, 275px\" \/><\/figure><\/div>\n\n\n\n<h3 class=\"wp-block-heading\">Hur uppt\u00e4ckte du Cam4?<\/h3>\n\n\n\n<p>Jag har l\u00e4nge h\u00e5llit p\u00e5 med olika sidor inom denna kategori, men aldrig riktigt k\u00e4nt att dessa sidor haft det lilla extra. S\u00e5 f\u00f6r bara n\u00e5gon dag sen best\u00e4mde jag mig f\u00f6r att s\u00f6ka efter olika sidor f\u00f6r att kolla vad det fanns f\u00f6r liknande sidor jag haft tidigare, det var d\u00e5 jag hittade Cam4 vilket f\u00e5nga mitt intresse p\u00e5 direkten. S\u00e5 jag signa upp mig redan direkt faktiskt och t\u00e4nkte nu j\u00e4vlar k\u00f6r vi! Haha!<\/p>\n\n\n\n<h3 class=\"wp-block-heading\">Vad gillar du och vad gillar du inte med CAM4?<\/h3>\n\n\n\n<p>Den otroliga supporten man f\u00e5r p\u00e5 sidan. \u00c4lskar att man kan f\u00e5 svar p\u00e5 hur man kommer ig\u00e5ng i videoformat och att man har en chatt d\u00e4r man kan r\u00e5dfr\u00e5ga och f\u00e5r snabba svar, det \u00e4r helt underbart. Det uppskattas enormt mycket att kunna f\u00e5 den start hj\u00e4lpen. Sen \u00e4r mina f\u00f6ljare och tittare helt otroliga och det k\u00e4nns verkligen kul att f\u00e5 starta sin live och veta att dom \u00e4r d\u00e4r och kollar!<\/p>\n\n\n\n<h3 class=\"wp-block-heading\">Hur ser din dr\u00f6mdejt ut?<\/h3>\n\n\n\n<p>Oj min dr\u00f6mdejt\u2026 Jag \u00e4r ju gift s\u00e5 jag har nog f\u00e5tt min dr\u00f6mdejt! Men om man var singel s\u00e5 \u00e4r jag faktiskt inte s\u00e5 komplicerad n\u00e4r det kommer till dejting.<br>Har nog ingen direkt dr\u00f6mdejt s\u00e5 d\u00e4r, men f\u00f6r att de ska kunna bli n\u00e5gon form av dr\u00f6mdejt skulle jag v\u00e4ll s\u00e4ga f\u00f6rst och fr\u00e4mst ett gott s\u00e4llskap.<br>Sedan en bit mat p\u00e5 det. Eller varf\u00f6r inte bara h\u00e4nga hemma och mysa? Kanske g\u00f6ra en ny porrfilm till Min butik? Haha!!<\/p>\n\n\n\n<figure class=\"wp-block-image size-large\"><img decoding=\"async\" width=\"1024\" height=\"515\" src=\"https:\/\/se.cam4.com\/blog\/wp-content\/blogs.dir\/13\/files\/2023\/03\/4-1024x515.jpg\" alt=\"thekarma dominant\" class=\"wp-image-3390\" srcset=\"https:\/\/se.cam4.com\/blog\/wp-content\/blogs.dir\/13\/files\/2023\/03\/4-1024x515.jpg 1024w, https:\/\/se.cam4.com\/blog\/wp-content\/blogs.dir\/13\/files\/2023\/03\/4-300x151.jpg 300w, https:\/\/se.cam4.com\/blog\/wp-content\/blogs.dir\/13\/files\/2023\/03\/4-768x386.jpg 768w, https:\/\/se.cam4.com\/blog\/wp-content\/blogs.dir\/13\/files\/2023\/03\/4.jpg 1273w\" sizes=\"(max-width: 1024px) 100vw, 1024px\" \/><\/figure>\n\n\n\n<h3 class=\"wp-block-heading\">Fantiserar du om n\u00e5got speciellt n\u00e4r du onanerar?<\/h3>\n\n\n\n<p>Oj jag \u00e4r ad\/hd m\u00e4nniska s\u00e5 de \u00e4r liksom 1000 olika tankar om allt och inget! Men jag \u00e4lskar ju n\u00e4r mannen \u00e4r dominant och g\u00e4rna tar stryp tag p\u00e5 en samtidigt som han knullar en rej\u00e4lt!<\/p>\n\n\n\n<h3 class=\"wp-block-heading\">\u00c4r du h\u00f6gljudd i s\u00e4ngen eller n\u00e4r du onanerar?<\/h3>\n\n\n\n<p>Hahaha! Ja\u2026 jag l\u00e5ter nog ganska mycket i s\u00e4ngen!! Eller n\u00e4r jag onanerar.<br>Det \u00e4r s\u00e5 j\u00e4vla sv\u00e5rt o va tyst n\u00e4r det \u00e4r sk\u00f6nt. Men jag kan vara tyst med.<\/p>\n\n\n\n<h3 class=\"wp-block-heading\">Gillar du att vara underl\u00e4gsen eller \u00e4r du den dominanta typen?<\/h3>\n\n\n\n<p>Jag \u00e4r extremt dominant av mig som person och tycker synd om min man i bland f\u00f6r jag \u00e4r s\u00e5. Men i s\u00e4ngen \u00e4r v\u00e4ll den g\u00e5ngen man faktiskt har en chans att kunna best\u00e4mma \u00f6ver mig! Dock ska du va en j\u00e4vel p\u00e5 och vara dominant, annars tar jag p\u00e5 mig kl\u00e4derna och g\u00e5r.<\/p>\n\n\n\n<h3 class=\"wp-block-heading\">Har du n\u00e5gra fetischer? Och vilka \u00e4r du nyfiken p\u00e5 att utforska h\u00e4rn\u00e4st?<\/h3>\n\n\n\n<p>Oj n\u00e5gra fetischer, hm\u2026 Ja de skulle v\u00e4ll vara BDSM. Jag \u00e4lskar att bli dominerad och dominera! \u00c4r switch men f\u00f6r de mesta \u00e4r jag sub och \u00e4lskar n\u00e4r killen \u00e4r dominant och h\u00e5rd h\u00e4nt! Han f\u00e5r g\u00e4rna ta stryptag, spotta i min mun och dra en i h\u00e5ret eller binda fast en. Det \u00e4r riktigt wow-k\u00e4nsla!<\/p>\n\n\n\n<hr class=\"wp-block-separator is-style-wide\"\/>\n\n\n\n<h3 class=\"has-text-align-center wp-block-heading\"><a href=\"https:\/\/www.cam4.com\/thekarma\">Bes\u00f6k TheKarma\u00b4s Profil NU!<\/a><\/h3>\n\n\n\n<hr class=\"wp-block-separator is-style-wide\"\/>\n\n\n\n<h3 class=\"wp-block-heading\"><a href=\"https:\/\/se.cam4.com\/blog\/wp-content\/blogs.dir\/13\/files\/2023\/01\/image2-scaled.jpeg\"><\/a>Brukar du f\u00e5 multipla orgasmer och i s\u00e5 fall, vad \u00e4r det som brukar utl\u00f6sa dessa?<\/h3>\n\n\n\n<p>Ja, det kan absolut h\u00e4nda att jag f\u00e5r ibland. Om jag forts\u00e4tter att leka med mig direkt efter jag kommit s\u00e5 \u00e4r det stor chans att jag kommer om och om igen. D\u00e5 kan jag komma flera g\u00e5nger med bara n\u00e5gra sekunders mellanrum.<\/p>\n\n\n\n<figure class=\"wp-block-image size-large\"><img decoding=\"async\" width=\"1024\" height=\"619\" src=\"https:\/\/se.cam4.com\/blog\/wp-content\/blogs.dir\/13\/files\/2023\/03\/2-1024x619.jpg\" alt=\"thekarma\" class=\"wp-image-3398\" srcset=\"https:\/\/se.cam4.com\/blog\/wp-content\/blogs.dir\/13\/files\/2023\/03\/2-1024x619.jpg 1024w, https:\/\/se.cam4.com\/blog\/wp-content\/blogs.dir\/13\/files\/2023\/03\/2-300x181.jpg 300w, https:\/\/se.cam4.com\/blog\/wp-content\/blogs.dir\/13\/files\/2023\/03\/2-768x465.jpg 768w, https:\/\/se.cam4.com\/blog\/wp-content\/blogs.dir\/13\/files\/2023\/03\/2.jpg 1058w\" sizes=\"(max-width: 1024px) 100vw, 1024px\" \/><\/figure>\n\n\n\n<h3 class=\"wp-block-heading\">Vad \u00e4r din favoritst\u00e4llning och varf\u00f6r?<\/h3>\n\n\n\n<p>Jag \u00e4lskar doggy (bakifr\u00e5n) och fr\u00e5n sidan d\u00e5 kuken kan komma in rej\u00e4lt o djupt! Men sen \u00e4r jag v\u00e4ll inte s\u00e5 j\u00e4vla fin av mig att jag m\u00e5ste just ha dom st\u00e4llningarna. \u00c4r jag k\u00e5t och ska knulla s\u00e5 skiter jag nog i st\u00e4llning bara jag f\u00e5r kuk!<\/p>\n\n\n\n<h3 class=\"wp-block-heading\">Vad g\u00f6r dig mest upphetsad n\u00e4r du cammar?<\/h3>\n\n\n\n<p>Det som g\u00f6r mig mest upphetsad n\u00e4r jag cammar \u00e4r att veta att folk kollar p\u00e5 mig och \u00e4r d\u00e4r f\u00f6r att kolla p\u00e5 just mig. Sedan att se antalet av tittare \u00f6ka samt n\u00e4r tip rullar in, det f\u00e5r mig att bli rej\u00e4lt k\u00e5t!<a href=\"https:\/\/se.cam4.com\/blog\/wp-content\/blogs.dir\/13\/files\/2023\/01\/image4-scaled.jpeg\"><\/a><\/p>\n\n\n\n<h3 class=\"wp-block-heading\">Vad \u00e4r det galnaste som n\u00e5gonsin h\u00e4nt p\u00e5 Cam4?<\/h3>\n\n\n\n<p>Som sagt har knappt haft Cam4 i en vecka s\u00e5 jag har faktiskt tyv\u00e4rr inte hunnit uppleva n\u00e5got riktigt galet \u00e4n. Men man f\u00e5r v\u00e4ll hoppas att det kommer snart s\u00e5 man f\u00e5r vara med om n\u00e5 galenskap\u2026 S\u00e5dant \u00e4r ju alltid kul n\u00e4r det h\u00e4nder n\u00e5got. Eller hur galet snackar vi om nu?? <\/p>\n\n\n\n<h3 class=\"wp-block-heading\">Hur ofta onanerar du?<\/h3>\n\n\n\n<p>Oj det \u00e4r j\u00e4tte olika det d\u00e4r. Men vissa perioder dagligen. Allt fr\u00e5n en g\u00e5ng per dag till flera g\u00e5nger om dagen. Men ibland n\u00e5gon g\u00e5ng i veckan. Det beror helt p\u00e5 faktiskt. Men anv\u00e4nder fingrar eller leksaker.<\/p>\n\n\n\n<h3 class=\"wp-block-heading\">Vad g\u00f6r en perfekt tittare?<\/h3>\n\n\n\n<p>En perfekt tittare \u00e4r f\u00f6r mig en som inte skriver s\u00e5 mycket under s\u00e4ndningen, utan l\u00e5ter mig k\u00f6ra p\u00e5. Sen tycker jag att en bra tittare \u00e4ven \u00e4r en som \u00e4r \u00e5terkommande tittare och \u00e4ven l\u00e4mnar tip givetvis!<\/p>\n\n\n\n<h3 class=\"wp-block-heading\">Vad g\u00f6r du under dina shower p\u00e5 CAM4?<\/h3>\n\n\n\n<p>Jag brukar alltid s\u00e4tta 100 tokens som m\u00e5l innan vi startar s\u00e4ndningen.<br>Under den tiden sitter jag och chattar med tittarna och bara ser f\u00f6r j\u00e4vla gullig ut, haha! N\u00e4r jag n\u00e5tt mitt m\u00e5l brukar jag visa upp n\u00e4r jag tex tar en dusch, och sen vad som h\u00e4nder i duschen f\u00e5r man se om man kollar in min s\u00e4ndning\u2026*blink blink* S\u00e5 kom, kom!<\/p>\n\n\n\n<div class=\"wp-block-image\"><figure class=\"alignleft size-large\"><img decoding=\"async\" width=\"283\" height=\"521\" src=\"https:\/\/se.cam4.com\/blog\/wp-content\/blogs.dir\/13\/files\/2023\/03\/3.jpg\" alt=\"intervju med thekarma dominant\" class=\"wp-image-3396\" srcset=\"https:\/\/se.cam4.com\/blog\/wp-content\/blogs.dir\/13\/files\/2023\/03\/3.jpg 283w, https:\/\/se.cam4.com\/blog\/wp-content\/blogs.dir\/13\/files\/2023\/03\/3-163x300.jpg 163w\" sizes=\"(max-width: 283px) 100vw, 283px\" \/><\/figure><\/div>\n\n\n\n<h3 class=\"wp-block-heading\">Vad \u00e4r det som g\u00f6r just dina shower speciella?<\/h3>\n\n\n\n<p>Mina s\u00e4ndningar brukar heta TheKarma in Darkness! Anledningen \u00e4r att jag alltid tar en dusch eller ett bad och har helt sl\u00e4ckt i rummet, men har ett ljus t\u00e4nt. S\u00e5 jag sitter i m\u00f6rkret med ett ljus o samlar in mina 100 tokens. Sen n\u00e4r m\u00e5let \u00e4r n\u00e5tt kan de h\u00e4nda att jag t\u00e4nder lampan om det \u00e4r det tittarna tippar f\u00f6r, annars k\u00f6r vi i m\u00f6rkret! S\u00e5 det \u00e4r det som g\u00f6r just mina shower speciella.<br><br><br><br><br><\/p>\n\n\n\n<hr class=\"wp-block-separator is-style-wide\"\/>\n\n\n\n<h3 class=\"has-text-align-center wp-block-heading\"><a href=\"https:\/\/www.cam4.com\/thekarma\">Bes\u00f6k TheKarma\u00b4s Profil NU!<\/a><\/h3>\n\n\n\n<hr class=\"wp-block-separator is-style-wide\"\/>\n\n\n\n<p class=\"has-text-align-center\"><strong>Du kan ocks\u00e5 bes\u00f6ka TheKarma\u00b4s <a href=\"https:\/\/twitter.com\/Bonitaanonimoo\">Twitter<\/a><\/strong><\/p>\n\n\n\n<hr class=\"wp-block-separator is-style-wide\"\/>\n\n\n\n<p><\/p>\n","protected":false},"excerpt":{"rendered":"<p>H\u00e4r har du TheKarma. En tjej som \u00e4lskar n\u00e4r du tar kontrollen &amp; \u00e4r dominant. Bes\u00f6k TheKarma\u00b4s Profil NU! Hej, vad har du haft f\u00f6r dig idag? Hej! Idag har jag haft fullt upp med m\u00f6ten under dagen, men har sj\u00e4lvklart gjort lite nya porriga videos som jag precis i denna stund h\u00e5ller p\u00e5 att [&hellip;]<\/p>\n","protected":false},"author":3,"featured_media":3397,"comment_status":"open","ping_status":"open","sticky":false,"template":"","format":"standard","meta":{"footnotes":""},"categories":[94368],"tags":[94421,94419,94420],"class_list":["post-3388","post","type-post","status-publish","format-standard","has-post-thumbnail","hentry","category-intervjuer","tag-broadcaster","tag-intervju","tag-modell","post-wrapper","thrv_wrapper"],"yoast_head":"<!-- This site is optimized with the Yoast SEO plugin v24.0 - https:\/\/yoast.com\/wordpress\/plugins\/seo\/ -->\n<title>Intervju med nya TheKarma - CAM4 Sweden Blogg<\/title>\n<meta name=\"description\" content=\"&quot;Det som g\u00f6r mig mest upphetsad n\u00e4r jag s\u00e4nder \u00e4r att veta att folk kollar p\u00e5 mig och \u00e4r d\u00e4r bara f\u00f6r mig. \u00c4lskar n\u00e4r man \u00e4r dominant! &quot;\" \/>\n<meta name=\"robots\" content=\"index, follow, max-snippet:-1, max-image-preview:large, max-video-preview:-1\" \/>\n<link rel=\"canonical\" href=\"https:\/\/se.cam4.com\/blog\/intervju-med-thekarma\/\" \/>\n<meta property=\"og:locale\" content=\"en_US\" \/>\n<meta property=\"og:type\" content=\"article\" \/>\n<meta property=\"og:title\" content=\"Intervju med nya TheKarma - CAM4 Sweden Blogg\" \/>\n<meta property=\"og:description\" content=\"&quot;Det som g\u00f6r mig mest upphetsad n\u00e4r jag s\u00e4nder \u00e4r att veta att folk kollar p\u00e5 mig och \u00e4r d\u00e4r bara f\u00f6r mig. \u00c4lskar n\u00e4r man \u00e4r dominant! &quot;\" \/>\n<meta property=\"og:url\" content=\"https:\/\/se.cam4.com\/blog\/intervju-med-thekarma\/\" \/>\n<meta property=\"og:site_name\" content=\"CAM4 Sweden Blogg\" \/>\n<meta property=\"article:published_time\" content=\"2023-03-04T11:00:56+00:00\" \/>\n<meta property=\"article:modified_time\" content=\"2023-03-04T11:00:58+00:00\" \/>\n<meta property=\"og:image\" content=\"https:\/\/se.cam4.com\/blog\/wp-content\/blogs.dir\/13\/files\/2023\/03\/Blog.png\" \/>\n\t<meta property=\"og:image:width\" content=\"600\" \/>\n\t<meta property=\"og:image:height\" content=\"300\" \/>\n\t<meta property=\"og:image:type\" content=\"image\/png\" \/>\n<meta name=\"author\" content=\"Emil\" \/>\n<meta name=\"twitter:card\" content=\"summary_large_image\" \/>\n<meta name=\"twitter:label1\" content=\"Written by\" \/>\n\t<meta name=\"twitter:data1\" content=\"Emil\" \/>\n\t<meta name=\"twitter:label2\" content=\"Est. reading time\" \/>\n\t<meta name=\"twitter:data2\" content=\"6 minutes\" \/>\n<script type=\"application\/ld+json\" class=\"yoast-schema-graph\">{\"@context\":\"https:\/\/schema.org\",\"@graph\":[{\"@type\":\"WebPage\",\"@id\":\"https:\/\/se.cam4.com\/blog\/intervju-med-thekarma\/\",\"url\":\"https:\/\/se.cam4.com\/blog\/intervju-med-thekarma\/\",\"name\":\"Intervju med nya TheKarma - CAM4 Sweden Blogg\",\"isPartOf\":{\"@id\":\"https:\/\/se.cam4.com\/blog\/#website\"},\"primaryImageOfPage\":{\"@id\":\"https:\/\/se.cam4.com\/blog\/intervju-med-thekarma\/#primaryimage\"},\"image\":{\"@id\":\"https:\/\/se.cam4.com\/blog\/intervju-med-thekarma\/#primaryimage\"},\"thumbnailUrl\":\"https:\/\/se.cam4.com\/blog\/wp-content\/blogs.dir\/13\/files\/2023\/03\/Blog.png\",\"datePublished\":\"2023-03-04T11:00:56+00:00\",\"dateModified\":\"2023-03-04T11:00:58+00:00\",\"author\":{\"@id\":\"https:\/\/se.cam4.com\/blog\/#\/schema\/person\/d81f497022670b36bac6fcac5b948854\"},\"description\":\"\\\"Det som g\u00f6r mig mest upphetsad n\u00e4r jag s\u00e4nder \u00e4r att veta att folk kollar p\u00e5 mig och \u00e4r d\u00e4r bara f\u00f6r mig. \u00c4lskar n\u00e4r man \u00e4r dominant! \\\"\",\"breadcrumb\":{\"@id\":\"https:\/\/se.cam4.com\/blog\/intervju-med-thekarma\/#breadcrumb\"},\"inLanguage\":\"en-US\",\"potentialAction\":[{\"@type\":\"ReadAction\",\"target\":[\"https:\/\/se.cam4.com\/blog\/intervju-med-thekarma\/\"]}]},{\"@type\":\"ImageObject\",\"inLanguage\":\"en-US\",\"@id\":\"https:\/\/se.cam4.com\/blog\/intervju-med-thekarma\/#primaryimage\",\"url\":\"https:\/\/se.cam4.com\/blog\/wp-content\/blogs.dir\/13\/files\/2023\/03\/Blog.png\",\"contentUrl\":\"https:\/\/se.cam4.com\/blog\/wp-content\/blogs.dir\/13\/files\/2023\/03\/Blog.png\",\"width\":600,\"height\":300,\"caption\":\"thekarma\"},{\"@type\":\"BreadcrumbList\",\"@id\":\"https:\/\/se.cam4.com\/blog\/intervju-med-thekarma\/#breadcrumb\",\"itemListElement\":[{\"@type\":\"ListItem\",\"position\":1,\"name\":\"Home\",\"item\":\"https:\/\/se.cam4.com\/blog\/\"},{\"@type\":\"ListItem\",\"position\":2,\"name\":\"Intervju med nya TheKarma\"}]},{\"@type\":\"WebSite\",\"@id\":\"https:\/\/se.cam4.com\/blog\/#website\",\"url\":\"https:\/\/se.cam4.com\/blog\/\",\"name\":\"CAM4 Sweden Blogg\",\"description\":\"CAM4 Sweden\",\"potentialAction\":[{\"@type\":\"SearchAction\",\"target\":{\"@type\":\"EntryPoint\",\"urlTemplate\":\"https:\/\/se.cam4.com\/blog\/?s={search_term_string}\"},\"query-input\":{\"@type\":\"PropertyValueSpecification\",\"valueRequired\":true,\"valueName\":\"search_term_string\"}}],\"inLanguage\":\"en-US\"},{\"@type\":\"Person\",\"@id\":\"https:\/\/se.cam4.com\/blog\/#\/schema\/person\/d81f497022670b36bac6fcac5b948854\",\"name\":\"Emil\",\"image\":{\"@type\":\"ImageObject\",\"inLanguage\":\"en-US\",\"@id\":\"https:\/\/se.cam4.com\/blog\/#\/schema\/person\/image\/\",\"url\":\"https:\/\/secure.gravatar.com\/avatar\/0cde99d6f03f34a06686068e686b958c?s=96&d=mm&r=g\",\"contentUrl\":\"https:\/\/secure.gravatar.com\/avatar\/0cde99d6f03f34a06686068e686b958c?s=96&d=mm&r=g\",\"caption\":\"Emil\"},\"url\":\"https:\/\/se.cam4.com\/blog\/author\/emil\/\"}]}<\/script>\n<!-- \/ Yoast SEO plugin. -->","yoast_head_json":{"title":"Intervju med nya TheKarma - CAM4 Sweden Blogg","description":"\"Det som g\u00f6r mig mest upphetsad n\u00e4r jag s\u00e4nder \u00e4r att veta att folk kollar p\u00e5 mig och \u00e4r d\u00e4r bara f\u00f6r mig. \u00c4lskar n\u00e4r man \u00e4r dominant! \"","robots":{"index":"index","follow":"follow","max-snippet":"max-snippet:-1","max-image-preview":"max-image-preview:large","max-video-preview":"max-video-preview:-1"},"canonical":"https:\/\/se.cam4.com\/blog\/intervju-med-thekarma\/","og_locale":"en_US","og_type":"article","og_title":"Intervju med nya TheKarma - CAM4 Sweden Blogg","og_description":"\"Det som g\u00f6r mig mest upphetsad n\u00e4r jag s\u00e4nder \u00e4r att veta att folk kollar p\u00e5 mig och \u00e4r d\u00e4r bara f\u00f6r mig. \u00c4lskar n\u00e4r man \u00e4r dominant! \"","og_url":"https:\/\/se.cam4.com\/blog\/intervju-med-thekarma\/","og_site_name":"CAM4 Sweden Blogg","article_published_time":"2023-03-04T11:00:56+00:00","article_modified_time":"2023-03-04T11:00:58+00:00","og_image":[{"width":600,"height":300,"url":"https:\/\/se.cam4.com\/blog\/wp-content\/blogs.dir\/13\/files\/2023\/03\/Blog.png","type":"image\/png"}],"author":"Emil","twitter_card":"summary_large_image","twitter_misc":{"Written by":"Emil","Est. reading time":"6 minutes"},"schema":{"@context":"https:\/\/schema.org","@graph":[{"@type":"WebPage","@id":"https:\/\/se.cam4.com\/blog\/intervju-med-thekarma\/","url":"https:\/\/se.cam4.com\/blog\/intervju-med-thekarma\/","name":"Intervju med nya TheKarma - CAM4 Sweden Blogg","isPartOf":{"@id":"https:\/\/se.cam4.com\/blog\/#website"},"primaryImageOfPage":{"@id":"https:\/\/se.cam4.com\/blog\/intervju-med-thekarma\/#primaryimage"},"image":{"@id":"https:\/\/se.cam4.com\/blog\/intervju-med-thekarma\/#primaryimage"},"thumbnailUrl":"https:\/\/se.cam4.com\/blog\/wp-content\/blogs.dir\/13\/files\/2023\/03\/Blog.png","datePublished":"2023-03-04T11:00:56+00:00","dateModified":"2023-03-04T11:00:58+00:00","author":{"@id":"https:\/\/se.cam4.com\/blog\/#\/schema\/person\/d81f497022670b36bac6fcac5b948854"},"description":"\"Det som g\u00f6r mig mest upphetsad n\u00e4r jag s\u00e4nder \u00e4r att veta att folk kollar p\u00e5 mig och \u00e4r d\u00e4r bara f\u00f6r mig. \u00c4lskar n\u00e4r man \u00e4r dominant! \"","breadcrumb":{"@id":"https:\/\/se.cam4.com\/blog\/intervju-med-thekarma\/#breadcrumb"},"inLanguage":"en-US","potentialAction":[{"@type":"ReadAction","target":["https:\/\/se.cam4.com\/blog\/intervju-med-thekarma\/"]}]},{"@type":"ImageObject","inLanguage":"en-US","@id":"https:\/\/se.cam4.com\/blog\/intervju-med-thekarma\/#primaryimage","url":"https:\/\/se.cam4.com\/blog\/wp-content\/blogs.dir\/13\/files\/2023\/03\/Blog.png","contentUrl":"https:\/\/se.cam4.com\/blog\/wp-content\/blogs.dir\/13\/files\/2023\/03\/Blog.png","width":600,"height":300,"caption":"thekarma"},{"@type":"BreadcrumbList","@id":"https:\/\/se.cam4.com\/blog\/intervju-med-thekarma\/#breadcrumb","itemListElement":[{"@type":"ListItem","position":1,"name":"Home","item":"https:\/\/se.cam4.com\/blog\/"},{"@type":"ListItem","position":2,"name":"Intervju med nya TheKarma"}]},{"@type":"WebSite","@id":"https:\/\/se.cam4.com\/blog\/#website","url":"https:\/\/se.cam4.com\/blog\/","name":"CAM4 Sweden Blogg","description":"CAM4 Sweden","potentialAction":[{"@type":"SearchAction","target":{"@type":"EntryPoint","urlTemplate":"https:\/\/se.cam4.com\/blog\/?s={search_term_string}"},"query-input":{"@type":"PropertyValueSpecification","valueRequired":true,"valueName":"search_term_string"}}],"inLanguage":"en-US"},{"@type":"Person","@id":"https:\/\/se.cam4.com\/blog\/#\/schema\/person\/d81f497022670b36bac6fcac5b948854","name":"Emil","image":{"@type":"ImageObject","inLanguage":"en-US","@id":"https:\/\/se.cam4.com\/blog\/#\/schema\/person\/image\/","url":"https:\/\/secure.gravatar.com\/avatar\/0cde99d6f03f34a06686068e686b958c?s=96&d=mm&r=g","contentUrl":"https:\/\/secure.gravatar.com\/avatar\/0cde99d6f03f34a06686068e686b958c?s=96&d=mm&r=g","caption":"Emil"},"url":"https:\/\/se.cam4.com\/blog\/author\/emil\/"}]}},"_links":{"self":[{"href":"https:\/\/se.cam4.com\/blog\/wp-json\/wp\/v2\/posts\/3388","targetHints":{"allow":["GET"]}}],"collection":[{"href":"https:\/\/se.cam4.com\/blog\/wp-json\/wp\/v2\/posts"}],"about":[{"href":"https:\/\/se.cam4.com\/blog\/wp-json\/wp\/v2\/types\/post"}],"author":[{"embeddable":true,"href":"https:\/\/se.cam4.com\/blog\/wp-json\/wp\/v2\/users\/3"}],"replies":[{"embeddable":true,"href":"https:\/\/se.cam4.com\/blog\/wp-json\/wp\/v2\/comments?post=3388"}],"version-history":[{"count":3,"href":"https:\/\/se.cam4.com\/blog\/wp-json\/wp\/v2\/posts\/3388\/revisions"}],"predecessor-version":[{"id":3400,"href":"https:\/\/se.cam4.com\/blog\/wp-json\/wp\/v2\/posts\/3388\/revisions\/3400"}],"wp:featuredmedia":[{"embeddable":true,"href":"https:\/\/se.cam4.com\/blog\/wp-json\/wp\/v2\/media\/3397"}],"wp:attachment":[{"href":"https:\/\/se.cam4.com\/blog\/wp-json\/wp\/v2\/media?parent=3388"}],"wp:term":[{"taxonomy":"category","embeddable":true,"href":"https:\/\/se.cam4.com\/blog\/wp-json\/wp\/v2\/categories?post=3388"},{"taxonomy":"post_tag","embeddable":true,"href":"https:\/\/se.cam4.com\/blog\/wp-json\/wp\/v2\/tags?post=3388"}],"curies":[{"name":"wp","href":"https:\/\/api.w.org\/{rel}","templated":true}]}}